{"id":3646,"date":"2024-10-31T11:24:11","date_gmt":"2024-10-31T11:24:11","guid":{"rendered":"https:\/\/livar.nl\/?p=3646"},"modified":"2026-08-06T09:21:34","modified_gmt":"2026-08-06T08:21:34","slug":"frans-de-rond-benoemd-tot-ere-ambassadeur-van-de-provincie-limburg","status":"publish","type":"post","link":"https:\/\/livar.nl\/de\/frans-de-rond-benoemd-tot-ere-ambassadeur-van-de-provincie-limburg\/","title":{"rendered":"Frans de Rond zum Ehrenbotschafter der Provinz Limburg ernannt"},"content":{"rendered":"<div data-elementor-type=\"wp-post\" data-elementor-id=\"3646\" class=\"elementor elementor-3646\" data-elementor-post-type=\"post\">\n\t\t\t\t<div class=\"elementor-element elementor-element-a1c9ddc e-flex e-con-boxed e-con e-parent\" data-id=\"a1c9ddc\" data-element_type=\"container\" data-e-type=\"container\" data-settings=\"{&quot;background_background&quot;:&quot;classic&quot;}\">\n\t\t\t\t\t<div class=\"e-con-inner\">\n\t\t\t\t<div class=\"elementor-element elementor-element-efb34fd elementor-widget__width-initial elementor-widget elementor-widget-heading\" data-id=\"efb34fd\" data-element_type=\"widget\" data-e-type=\"widget\" data-widget_type=\"heading.default\">\n\t\t\t\t<div class=\"elementor-widget-container\">\n\t\t\t\t\t<h1 class=\"elementor-heading-title elementor-size-default\">Frans de Rond zum Ehrenbotschafter der Provinz Limburg ernannt<\/h1>\t\t\t\t<\/div>\n\t\t\t\t<\/div>\n\t\t\t\t<div class=\"elementor-element elementor-element-8da11b8 elementor-widget elementor-widget-spacer\" data-id=\"8da11b8\" data-element_type=\"widget\" data-e-type=\"widget\" data-widget_type=\"spacer.default\">\n\t\t\t\t<div class=\"elementor-widget-container\">\n\t\t\t\t\t\t\t<div class=\"elementor-spacer\">\n\t\t\t<div class=\"elementor-spacer-inner\"><\/div>\n\t\t<\/div>\n\t\t\t\t\t\t<\/div>\n\t\t\t\t<\/div>\n\t\t\t\t\t<\/div>\n\t\t\t\t<\/div>\n\t\t<div class=\"elementor-element elementor-element-a616d79 e-flex e-con-boxed e-con e-parent\" data-id=\"a616d79\" data-element_type=\"container\" data-e-type=\"container\">\n\t\t\t\t\t<div class=\"e-con-inner\">\n\t\t<div class=\"elementor-element elementor-element-6ff94c5 e-con-full e-flex elementor-invisible e-con e-child\" data-id=\"6ff94c5\" data-element_type=\"container\" data-e-type=\"container\" data-settings=\"{&quot;animation&quot;:&quot;fadeInRight&quot;,&quot;animation_delay&quot;:200}\">\n\t\t\t\t<div class=\"elementor-element elementor-element-8575de9 elementor-widget elementor-widget-heading\" data-id=\"8575de9\" data-element_type=\"widget\" data-e-type=\"widget\" data-widget_type=\"heading.default\">\n\t\t\t\t<div class=\"elementor-widget-container\">\n\t\t\t\t\t<h2 class=\"elementor-heading-title elementor-size-default\">Dauerhaft <span class=\"livar\">Auswirkungen<\/span><\/h2>\t\t\t\t<\/div>\n\t\t\t\t<\/div>\n\t\t\t\t<div class=\"elementor-element elementor-element-44b8e55 elementor-widget elementor-widget-text-editor\" data-id=\"44b8e55\" data-element_type=\"widget\" data-e-type=\"widget\" data-widget_type=\"text-editor.default\">\n\t\t\t\t<div class=\"elementor-widget-container\">\n\t\t\t\t\t\t\t\t\t<p><em>Die Provinzregierung von Limburg hat Frans de Rond mit Stolz den Titel eines Ehrenbotschafters der Provinz Limburg verliehen. Er ist der Gr\u00fcnder und die treibende Kraft hinter dem Schweinezuchtbetrieb Livar, bei dem Tierschutz und Nachhaltigkeit im Mittelpunkt stehen. Diese besondere Auszeichnung wurde ihm am Samstag, den 7. September, vom Landwirtschaftsdezernenten Jasper Kuntzelaers w\u00e4hrend der Feier zum 25-j\u00e4hrigen Bestehen des Unternehmens in Echt \u00fcberreicht. Frans de Rond war au\u00dferdem 16 Jahre lang Vorsitzender der Vereinigung der Schweinez\u00fcchter der LLTB.<\/em><\/p><p>W\u00e4hrend der Zeremonie w\u00fcrdigte der Abgeordnete die Karriere von Frans de Rond und seinen Einfluss auf den Limburger Agrarsektor und dar\u00fcber hinaus. \"Frans de Rond hat nicht nur ein innovatives Unternehmen aufgebaut, sondern auch gezeigt, dass wirtschaftlicher Gewinn und soziale Verantwortung Hand in Hand gehen k\u00f6nnen\", sagte Jasper Kuntzelaers. \"Frans begann seine Karriere in der Schweinehaltung als junger Mann mit einer klaren Vision und gro\u00dfem Ehrgeiz. Zusammen mit vier anderen Schweinehaltern beschloss er, einen neuen Weg einzuschlagen. Dies f\u00fchrte zur Gr\u00fcndung von Livar im Jahr 1999. Mit Livar hat er einen neuen Standard in der Schweinehaltung gesetzt, der sich auf Tierschutz, Nachhaltigkeit und Geschmack konzentriert.\"<\/p><p>Als Vorsitzender des Vereins der Schweinehalter der LLTB spielte Frans de Rond eine wichtige Rolle bei der Unterst\u00fctzung und St\u00e4rkung der limburgischen Schweinehaltung. W\u00e4hrend seiner sechzehnj\u00e4hrigen Pr\u00e4sidentschaft (1982 \u2013 1998) war er bekannt f\u00fcr seine entschlossene F\u00fchrung und seine F\u00e4higkeit, den Sektor durch schwierige Zeiten zu steuern, wie w\u00e4hrend der Schweinepestkrise von 1997-1998. Sein Einsatz f\u00fcr die limburgischen Schweinehalter und seine Vision f\u00fcr eine nachhaltige Zukunft haben einen bleibenden Einfluss auf den Sektor gehabt.<\/p>\t\t\t\t\t\t\t\t<\/div>\n\t\t\t\t<\/div>\n\t\t\t\t<\/div>\n\t\t\t\t\t<\/div>\n\t\t\t\t<\/div>\n\t\t<div class=\"elementor-element elementor-element-1e475f5 e-flex e-con-boxed e-con e-parent\" data-id=\"1e475f5\" data-element_type=\"container\" data-e-type=\"container\" data-settings=\"{&quot;background_background&quot;:&quot;classic&quot;}\">\n\t\t\t\t\t<div class=\"e-con-inner\">\n\t\t<div class=\"elementor-element elementor-element-4124df5 e-con-full e-flex elementor-invisible e-con e-child\" data-id=\"4124df5\" data-element_type=\"container\" data-e-type=\"container\" data-settings=\"{&quot;background_background&quot;:&quot;video&quot;,&quot;animation&quot;:&quot;fadeInLeft&quot;,&quot;animation_delay&quot;:300,&quot;background_video_link&quot;:&quot;https:\\\/\\\/youtu.be\\\/GdhOSHck6Ns?si=biXxkd7ASUAm1_1Q&quot;,&quot;background_video_start&quot;:11,&quot;background_video_end&quot;:13,&quot;background_play_on_mobile&quot;:&quot;yes&quot;}\">\n\t\t<div class=\"elementor-background-video-container\">\n\t\t\t\t\t\t\t<div class=\"elementor-background-video-embed\" role=\"presentation\"><\/div>\n\t\t\t\t\t\t<\/div>\t\t<\/div>\n\t\t<div class=\"elementor-element elementor-element-8a24c9a e-con-full e-flex elementor-invisible e-con e-child\" data-id=\"8a24c9a\" data-element_type=\"container\" data-e-type=\"container\" data-settings=\"{&quot;animation&quot;:&quot;fadeInRight&quot;,&quot;animation_delay&quot;:200}\">\n\t\t\t\t<div class=\"elementor-element elementor-element-09f9360 elementor-widget elementor-widget-text-editor\" data-id=\"09f9360\" data-element_type=\"widget\" data-e-type=\"widget\" data-widget_type=\"text-editor.default\">\n\t\t\t\t<div class=\"elementor-widget-container\">\n\t\t\t\t\t\t\t\t\t<p>\u201cEs ist nicht \u00fcbertrieben zu sagen, dass Frans der Schweinehaltung gezeigt hat, dass es auch einen anderen Weg gibt, sich der Welt der Lebensmittelproduktion zu n\u00e4hern. Seine Entschlossenheit und sein Glaube an seine Vision haben daf\u00fcr gesorgt, dass Livar heute, 25 Jahre sp\u00e4ter, ein Vorzeigebetrieb ist, der andere inspiriert\u201d, so Jasper Kuntzelaers. Heutzutage wird Livar von der zweiten Generation, seinem Sohn Frank und dessen Frau Merel, zusammen mit dem engagierten Team der Abtei Lilbosch geleitet.<\/p><p>Mit dem Titel eines Ehrenbotschafters der Provinz Limburg wird der beeindruckende Beitrag von Frans de Rond f\u00fcr die Region und den Sektor gew\u00fcrdigt. Mit diesem Titel m\u00f6chte die Provinz ihre tiefe Wertsch\u00e4tzung f\u00fcr all das ausdr\u00fccken, was er f\u00fcr Limburg, die Schweinehaltung und die Menschen, die Livar-Produkte genie\u00dfen, getan hat.<\/p>\t\t\t\t\t\t\t\t<\/div>\n\t\t\t\t<\/div>\n\t\t\t\t<div class=\"elementor-element elementor-element-9b42f42 elementor-mobile-align-left elementor-widget elementor-widget-button\" data-id=\"9b42f42\" data-element_type=\"widget\" data-e-type=\"widget\" data-widget_type=\"button.default\">\n\t\t\t\t<div class=\"elementor-widget-container\">\n\t\t\t\t\t\t\t\t\t<div class=\"elementor-button-wrapper\">\n\t\t\t\t\t<a class=\"elementor-button elementor-button-link elementor-size-sm\" href=\"https:\/\/youtu.be\/GdhOSHck6Ns?si=biXxkd7ASUAm1_1Q\" target=\"_blank\" rel=\"noopener\">\n\t\t\t\t\t\t<span class=\"elementor-button-content-wrapper\">\n\t\t\t\t\t\t\t\t\t<span class=\"elementor-button-text\">Sehen Sie sich das gesamte Aftermovie auf YouTube an<\/span>\n\t\t\t\t\t<\/span>\n\t\t\t\t\t<\/a>\n\t\t\t\t<\/div>\n\t\t\t\t\t\t\t\t<\/div>\n\t\t\t\t<\/div>\n\t\t\t\t<\/div>\n\t\t\t\t\t<\/div>\n\t\t\t\t<\/div>\n\t\t<div class=\"elementor-element elementor-element-1d300dc e-flex e-con-boxed elementor-invisible e-con e-parent\" data-id=\"1d300dc\" data-element_type=\"container\" data-e-type=\"container\" data-settings=\"{&quot;animation&quot;:&quot;fadeInUp&quot;,&quot;animation_delay&quot;:200}\">\n\t\t\t\t\t<div class=\"e-con-inner\">\n\t\t<div class=\"elementor-element elementor-element-fe9f090 e-con-full e-flex e-con e-child\" data-id=\"fe9f090\" data-element_type=\"container\" data-e-type=\"container\">\n\t\t\t\t<div class=\"elementor-element elementor-element-924122e elementor-widget elementor-widget-heading\" data-id=\"924122e\" data-element_type=\"widget\" data-e-type=\"widget\" data-widget_type=\"heading.default\">\n\t\t\t\t<div class=\"elementor-widget-container\">\n\t\t\t\t\t<h2 class=\"elementor-heading-title elementor-size-default\">Sehen Sie sich unsere anderen <span class=\"livar\">aktuelle Themen<\/span>!<\/h2>\t\t\t\t<\/div>\n\t\t\t\t<\/div>\n\t\t\t\t<\/div>\n\t\t<div class=\"elementor-element elementor-element-4e14404 e-con-full e-flex e-con e-child\" data-id=\"4e14404\" data-element_type=\"container\" data-e-type=\"container\">\n\t\t\t\t<div class=\"elementor-element elementor-element-6e8c296 elementor-mobile-align-center elementor-widget elementor-widget-button\" data-id=\"6e8c296\" data-element_type=\"widget\" data-e-type=\"widget\" data-widget_type=\"button.default\">\n\t\t\t\t<div class=\"elementor-widget-container\">\n\t\t\t\t\t\t\t\t\t<div class=\"elementor-button-wrapper\">\n\t\t\t\t\t<a class=\"elementor-button elementor-button-link elementor-size-sm\" href=\"https:\/\/livar.nl\/de\/actualiteiten\/\" target=\"_blank\">\n\t\t\t\t\t\t<span class=\"elementor-button-content-wrapper\">\n\t\t\t\t\t\t\t\t\t<span class=\"elementor-button-text\">Alle Nachrichten anzeigen<\/span>\n\t\t\t\t\t<\/span>\n\t\t\t\t\t<\/a>\n\t\t\t\t<\/div>\n\t\t\t\t\t\t\t\t<\/div>\n\t\t\t\t<\/div>\n\t\t\t\t<\/div>\n\t\t\t\t\t<\/div>\n\t\t\t\t<\/div>\n\t\t\t\t<\/div>","protected":false},"excerpt":{"rendered":"<p>Blijvende impact Het provinciebestuur van Limburg heeft met trots de titel van Ere-ambassadeur van de provincie Limburg toegekend aan Frans de Rond. Hij is oprichter en drijvende kracht achter varkenshouderij Livar, waar dierenwelzijn en duurzaamheid centraal staan. Deze bijzondere onderscheiding werd hem zaterdag 7 september overhandigd door landbouw-gedeputeerde Jasper Kuntzelaers tijdens de viering van het [&hellip;]<\/p>\n","protected":false},"author":1,"featured_media":3648,"comment_status":"closed","ping_status":"open","sticky":false,"template":"","format":"standard","meta":{"_acf_changed":false,"footnotes":""},"categories":[1],"tags":[],"class_list":["post-3646","post","type-post","status-publish","format-standard","has-post-thumbnail","hentry","category-algemeen"],"acf":[],"_links":{"self":[{"href":"https:\/\/livar.nl\/de\/wp-json\/wp\/v2\/posts\/3646","targetHints":{"allow":["GET"]}}],"collection":[{"href":"https:\/\/livar.nl\/de\/wp-json\/wp\/v2\/posts"}],"about":[{"href":"https:\/\/livar.nl\/de\/wp-json\/wp\/v2\/types\/post"}],"author":[{"embeddable":true,"href":"https:\/\/livar.nl\/de\/wp-json\/wp\/v2\/users\/1"}],"replies":[{"embeddable":true,"href":"https:\/\/livar.nl\/de\/wp-json\/wp\/v2\/comments?post=3646"}],"version-history":[{"count":31,"href":"https:\/\/livar.nl\/de\/wp-json\/wp\/v2\/posts\/3646\/revisions"}],"predecessor-version":[{"id":8516,"href":"https:\/\/livar.nl\/de\/wp-json\/wp\/v2\/posts\/3646\/revisions\/8516"}],"wp:featuredmedia":[{"embeddable":true,"href":"https:\/\/livar.nl\/de\/wp-json\/wp\/v2\/media\/3648"}],"wp:attachment":[{"href":"https:\/\/livar.nl\/de\/wp-json\/wp\/v2\/media?parent=3646"}],"wp:term":[{"taxonomy":"category","embeddable":true,"href":"https:\/\/livar.nl\/de\/wp-json\/wp\/v2\/categories?post=3646"},{"taxonomy":"post_tag","embeddable":true,"href":"https:\/\/livar.nl\/de\/wp-json\/wp\/v2\/tags?post=3646"}],"curies":[{"name":"wp","href":"https:\/\/api.w.org\/{rel}","templated":true}]}}